{"id":7491,"date":"2022-09-22T16:37:58","date_gmt":"2022-09-22T19:37:58","guid":{"rendered":"https:\/\/caminhodafe.com.br\/ptbr\/?p=7491"},"modified":"2022-09-22T16:37:58","modified_gmt":"2022-09-22T19:37:58","slug":"3o-encontro-de-ciclistas-de-campinas-associacao-ciclo-ativo","status":"publish","type":"post","link":"https:\/\/caminhodafe.com.br\/ptbr\/blog\/2022\/09\/22\/3o-encontro-de-ciclistas-de-campinas-associacao-ciclo-ativo\/","title":{"rendered":"3\u00ba Encontro de Ciclistas de Campinas &#8211; Associa\u00e7\u00e3o Ciclo Ativo"},"content":{"rendered":"<p>No dia 18 de Setembro de 2022 ocorreu o 3\u00ba Encontro de Ciclistas de Campinas e Regi\u00e3o com a participa\u00e7\u00e3o de diversos grupos de bikers, lojistas e parceiros do mundo do ciclismo e o Caminho da F\u00e9 tamb\u00e9m estava l\u00e1.<\/p>\n<p>Confira um pouco do que rolou no evento na vis\u00e3o da <a class=\"yt-simple-endpoint style-scope yt-formatted-string\" dir=\"auto\" spellcheck=\"false\" href=\"https:\/\/www.youtube.com\/c\/FernandaSunega\">Fernanda Sunega _ Fam\u00edlia do Pedal<\/a>.<br \/>\ninstagram @fernandasunega<\/p>\n<p style=\"text-align: center;\">[embedyt] https:\/\/www.youtube.com\/watch?v=OsIM8FEIfs0[\/embedyt]<\/p>\n","protected":false},"excerpt":{"rendered":"<p>No dia 18 de Setembro de 2022 ocorreu o 3\u00ba Encontro de Ciclistas de Campinas e Regi\u00e3o com a participa\u00e7\u00e3o de diversos grupos de bikers, lojistas e parceiros do mundo do ciclismo e o Caminho da F\u00e9 tamb\u00e9m estava l\u00e1. Confira um pouco do que rolou no evento na vis\u00e3o da Fernanda Sunega _ Fam\u00edlia do Pedal. instagram @fernandasunega [embedyt] https:\/\/www.youtube.com\/watch?v=OsIM8FEIfs0[\/embedyt]<\/p>\n","protected":false},"author":2,"featured_media":7492,"comment_status":"open","ping_status":"open","sticky":false,"template":"","format":"standard","meta":{"content-type":"","_monsterinsights_skip_tracking":false,"_monsterinsights_sitenote_active":false,"_monsterinsights_sitenote_note":"","_monsterinsights_sitenote_category":0,"footnotes":""},"categories":[12],"tags":[],"class_list":["post-7491","post","type-post","status-publish","format-standard","has-post-thumbnail","hentry","category-midias"],"_links":{"self":[{"href":"https:\/\/caminhodafe.com.br\/ptbr\/wp-json\/wp\/v2\/posts\/7491","targetHints":{"allow":["GET"]}}],"collection":[{"href":"https:\/\/caminhodafe.com.br\/ptbr\/wp-json\/wp\/v2\/posts"}],"about":[{"href":"https:\/\/caminhodafe.com.br\/ptbr\/wp-json\/wp\/v2\/types\/post"}],"author":[{"embeddable":true,"href":"https:\/\/caminhodafe.com.br\/ptbr\/wp-json\/wp\/v2\/users\/2"}],"replies":[{"embeddable":true,"href":"https:\/\/caminhodafe.com.br\/ptbr\/wp-json\/wp\/v2\/comments?post=7491"}],"version-history":[{"count":1,"href":"https:\/\/caminhodafe.com.br\/ptbr\/wp-json\/wp\/v2\/posts\/7491\/revisions"}],"predecessor-version":[{"id":7493,"href":"https:\/\/caminhodafe.com.br\/ptbr\/wp-json\/wp\/v2\/posts\/7491\/revisions\/7493"}],"wp:featuredmedia":[{"embeddable":true,"href":"https:\/\/caminhodafe.com.br\/ptbr\/wp-json\/wp\/v2\/media\/7492"}],"wp:attachment":[{"href":"https:\/\/caminhodafe.com.br\/ptbr\/wp-json\/wp\/v2\/media?parent=7491"}],"wp:term":[{"taxonomy":"category","embeddable":true,"href":"https:\/\/caminhodafe.com.br\/ptbr\/wp-json\/wp\/v2\/categories?post=7491"},{"taxonomy":"post_tag","embeddable":true,"href":"https:\/\/caminhodafe.com.br\/ptbr\/wp-json\/wp\/v2\/tags?post=7491"}],"curies":[{"name":"wp","href":"https:\/\/api.w.org\/{rel}","templated":true}]}}