{"id":6860,"date":"2022-02-08T09:36:52","date_gmt":"2022-02-08T12:36:52","guid":{"rendered":"https:\/\/caminhodafe.com.br\/ptbr\/?p=6860"},"modified":"2022-02-08T09:43:33","modified_gmt":"2022-02-08T12:43:33","slug":"podcast","status":"publish","type":"post","link":"https:\/\/caminhodafe.com.br\/ptbr\/blog\/2022\/02\/08\/podcast\/","title":{"rendered":"CAMINHO DA F\u00c9: ROTA DE REFLEX\u00c3O, DEVO\u00c7\u00c3O E INTEGRA\u00c7\u00c3O COM A NATUREZA"},"content":{"rendered":"<section class=\"wpb-content-wrapper\"><p>[vc_row][vc_column][vc_single_image image=&#8221;6861&#8243; img_size=&#8221;large&#8221; alignment=&#8221;center&#8221;][\/vc_column][\/vc_row][vc_row][vc_column][vc_column_text]<\/p>\n<h3><span style=\"color: #000080;\">CAMINHO DA F\u00c9: ROTA DE REFLEX\u00c3O, DEVO\u00c7\u00c3O E INTEGRA\u00c7\u00c3O COM A NATUREZA<\/span><\/h3>\n<h4>Inspirado no milenar Caminho de Santiago de Compostela, na Espanha, o CAMINHO DA F\u00c9 \u00e9 um roteiro brasileiro que passa por diversas cidades de S\u00e3o Paulo e Minas Gerais e tem sua chegada ao SANTU\u00c1RIO NACIONAL DE APARECIDA, em S\u00e3o Paulo. O trajeto total pode variar, pois existem 38 pontos de partida, totalizando 2.500 quil\u00f4metros de trilhas sinalizadas. S\u00e3o 72 munic\u00edpios integrados e o maior percurso \u00e9 o que sai de S\u00e3o Jos\u00e9 do Rio Preto, com 894 quil\u00f4metros.<\/h4>\n<h4>Seguindo as setas amarelas, os peregrinos passam por montanhas, estradas vicinais, trilhas, bosques e asfalto. Com belas paisagens e comunidades acolhedoras, o CAMINHO DA F\u00c9 proporciona momentos de reflex\u00e3o, f\u00e9, autoconhecimento, devo\u00e7\u00e3o, sa\u00fade f\u00edsica e psicol\u00f3gica, al\u00e9m da total integra\u00e7\u00e3o do homem com a natureza.<\/h4>\n<h4>Para falar sobre o CAMINHO DA F\u00c9, o P\u00c9DCAST DO CAMINHO recebe CAMILA BASSI, da Associa\u00e7\u00e3o dos Amigos do Caminho da F\u00e9, institui\u00e7\u00e3o respons\u00e1vel pelo funcionamento legal, estrutura\u00e7\u00e3o operacional, gest\u00e3o institucional e planejamento estrat\u00e9gico do Caminho.<\/h4>\n<h4>Ou\u00e7a, d\u00ea sugest\u00f5es, fa\u00e7a cr\u00edticas, elogie. Conto com sua participa\u00e7\u00e3o.<br \/>\nBuen Cami\u00f1o!<br \/>\nH\u00e9lio Ara\u00fajo<\/h4>\n<p><iframe loading=\"lazy\" title=\"Spotify Embed: 13 - CAMINHO DA F\u00c9: ROTA DE REFLEX\u00c3O, DEVO\u00c7\u00c3O E INTEGRA\u00c7\u00c3O COM A NATUREZA\" width=\"100%\" height=\"152\" style=\"[object Object]\" frameborder=\"0\" allowfullscreen allow=\"autoplay; clipboard-write; encrypted-media; fullscreen; picture-in-picture\" src=\"https:\/\/open.spotify.com\/embed\/episode\/7JNKg8BFsumEY81GDRLS8e?si=ByykZnkXQbe-ISvGpkHndw%5B%2Fvc_column_text%5D%5B%2Fvc_column%5D%5B%2Fvc_row%5D&#038;utm_source=oembed\"><\/iframe><\/p>\n<\/section>","protected":false},"excerpt":{"rendered":"<p>[vc_row][vc_column][vc_single_image image=&#8221;6861&#8243; img_size=&#8221;large&#8221; alignment=&#8221;center&#8221;][\/vc_column][\/vc_row][vc_row][vc_column][vc_column_text] CAMINHO DA F\u00c9: ROTA DE REFLEX\u00c3O, DEVO\u00c7\u00c3O E INTEGRA\u00c7\u00c3O COM A NATUREZA Inspirado no milenar Caminho de Santiago de Compostela, na Espanha, o CAMINHO DA F\u00c9 \u00e9 um roteiro brasileiro que passa por diversas cidades de S\u00e3o Paulo e Minas Gerais e tem sua chegada ao SANTU\u00c1RIO NACIONAL DE APARECIDA, em S\u00e3o Paulo. O trajeto total pode variar, pois existem 38 pontos de partida, totalizando 2.500 quil\u00f4metros de trilhas sinalizadas. S\u00e3o 72 munic\u00edpios integrados e o maior percurso \u00e9 o que sai de S\u00e3o Jos\u00e9 do Rio Preto, com 894 quil\u00f4metros. Seguindo as setas amarelas, os peregrinos passam por montanhas, estradas vicinais, trilhas, bosques e asfalto. Com belas paisagens e comunidades acolhedoras, o CAMINHO DA F\u00c9 proporciona momentos de reflex\u00e3o, f\u00e9, autoconhecimento, devo\u00e7\u00e3o, sa\u00fade f\u00edsica e psicol\u00f3gica, al\u00e9m da total integra\u00e7\u00e3o do homem com a natureza. Para falar sobre o CAMINHO DA F\u00c9, o P\u00c9DCAST DO CAMINHO recebe CAMILA BASSI, da Associa\u00e7\u00e3o dos Amigos do Caminho da F\u00e9, institui\u00e7\u00e3o respons\u00e1vel pelo funcionamento legal, estrutura\u00e7\u00e3o operacional, gest\u00e3o institucional e planejamento estrat\u00e9gico do Caminho. Ou\u00e7a, d\u00ea sugest\u00f5es, fa\u00e7a cr\u00edticas, elogie. Conto com sua participa\u00e7\u00e3o. Buen Cami\u00f1o! H\u00e9lio Ara\u00fajo<\/p>\n","protected":false},"author":2,"featured_media":6861,"comment_status":"open","ping_status":"open","sticky":false,"template":"","format":"standard","meta":{"content-type":"","_monsterinsights_skip_tracking":false,"_monsterinsights_sitenote_active":false,"_monsterinsights_sitenote_note":"","_monsterinsights_sitenote_category":0,"footnotes":""},"categories":[12],"tags":[],"class_list":["post-6860","post","type-post","status-publish","format-standard","has-post-thumbnail","hentry","category-midias"],"_links":{"self":[{"href":"https:\/\/caminhodafe.com.br\/ptbr\/wp-json\/wp\/v2\/posts\/6860","targetHints":{"allow":["GET"]}}],"collection":[{"href":"https:\/\/caminhodafe.com.br\/ptbr\/wp-json\/wp\/v2\/posts"}],"about":[{"href":"https:\/\/caminhodafe.com.br\/ptbr\/wp-json\/wp\/v2\/types\/post"}],"author":[{"embeddable":true,"href":"https:\/\/caminhodafe.com.br\/ptbr\/wp-json\/wp\/v2\/users\/2"}],"replies":[{"embeddable":true,"href":"https:\/\/caminhodafe.com.br\/ptbr\/wp-json\/wp\/v2\/comments?post=6860"}],"version-history":[{"count":0,"href":"https:\/\/caminhodafe.com.br\/ptbr\/wp-json\/wp\/v2\/posts\/6860\/revisions"}],"wp:featuredmedia":[{"embeddable":true,"href":"https:\/\/caminhodafe.com.br\/ptbr\/wp-json\/wp\/v2\/media\/6861"}],"wp:attachment":[{"href":"https:\/\/caminhodafe.com.br\/ptbr\/wp-json\/wp\/v2\/media?parent=6860"}],"wp:term":[{"taxonomy":"category","embeddable":true,"href":"https:\/\/caminhodafe.com.br\/ptbr\/wp-json\/wp\/v2\/categories?post=6860"},{"taxonomy":"post_tag","embeddable":true,"href":"https:\/\/caminhodafe.com.br\/ptbr\/wp-json\/wp\/v2\/tags?post=6860"}],"curies":[{"name":"wp","href":"https:\/\/api.w.org\/{rel}","templated":true}]}}