{"id":4433,"date":"2020-03-03T21:19:37","date_gmt":"2020-03-04T00:19:37","guid":{"rendered":"https:\/\/caminhodafe.com.br\/ptbr\/?p=4433"},"modified":"2020-03-16T14:50:54","modified_gmt":"2020-03-16T17:50:54","slug":"ultramaratona-caminho-da-fe","status":"publish","type":"post","link":"https:\/\/caminhodafe.com.br\/ptbr\/blog\/2020\/03\/03\/ultramaratona-caminho-da-fe\/","title":{"rendered":"Ultramaratona Caminho da F\u00e9"},"content":{"rendered":"<h2><span style=\"color: #ff0000;\">AVISO IMPORTANTE:<\/span><\/h2>\n<p><span style=\"color: #ff0000;\">A PROVA DE S\u00c3O CARLOS SER\u00c1 ADIADA POR TEMPO INDETERMINADO AT\u00c9 QUE A STUA\u00c7\u00c3O ENVOLVENDO O CORONAV\u00cdRUS ESTEJA SOB CONTROLE.\u00a0<\/span><\/p>\n<h2 style=\"text-align: center;\"><span style=\"color: #000080;\">INSCRI\u00c7\u00d5ES<\/span><\/h2>\n<h4 style=\"text-align: center;\">Para inscrever-se no Circuito de Ultramaratona do Caminho da F\u00e9, <strong><a href=\"http:\/\/brazil135.com.br\/cucf\/registration.php\">CLIQUE AQUI<\/a><\/strong><\/h4>\n<h2><\/h2>\n<p>&nbsp;<\/p>\n<h2 style=\"text-align: center;\"><span style=\"color: #000080;\">REGULAMENTOS<\/span><\/h2>\n<p>&nbsp;<\/p>\n<p><a href=\"https:\/\/caminhodafe.com.br\/ptbr\/wp-content\/uploads\/2020\/03\/Circuito-UCF-corrida1.pdf\"><img loading=\"lazy\" decoding=\"async\" class=\"alignnone wp-image-4474 size-medium\" src=\"https:\/\/caminhodafe.com.br\/ptbr\/wp-content\/uploads\/2020\/03\/Circuito-UCF-corrida-300x212.png\" alt=\"\" width=\"300\" height=\"212\" srcset=\"https:\/\/caminhodafe.com.br\/ptbr\/wp-content\/uploads\/2020\/03\/Circuito-UCF-corrida-300x212.png 300w, https:\/\/caminhodafe.com.br\/ptbr\/wp-content\/uploads\/2020\/03\/Circuito-UCF-corrida-1024x724.png 1024w, https:\/\/caminhodafe.com.br\/ptbr\/wp-content\/uploads\/2020\/03\/Circuito-UCF-corrida-768x543.png 768w, https:\/\/caminhodafe.com.br\/ptbr\/wp-content\/uploads\/2020\/03\/Circuito-UCF-corrida-600x424.png 600w\" sizes=\"auto, (max-width: 300px) 100vw, 300px\" \/><\/a>\u00a0 \u00a0 \u00a0 \u00a0 \u00a0 \u00a0 \u00a0 \u00a0 \u00a0 \u00a0 \u00a0 \u00a0 \u00a0 \u00a0 \u00a0 \u00a0 \u00a0 \u00a0 \u00a0 \u00a0 \u00a0 \u00a0 \u00a0 \u00a0 \u00a0<a href=\"https:\/\/caminhodafe.com.br\/ptbr\/wp-content\/uploads\/2020\/03\/Circuito-UCF-bike1.pdf\"><img loading=\"lazy\" decoding=\"async\" class=\"alignnone wp-image-4478 size-medium\" src=\"https:\/\/caminhodafe.com.br\/ptbr\/wp-content\/uploads\/2020\/03\/Circuito-UCF-bike-300x212.png\" alt=\"\" width=\"300\" height=\"212\" srcset=\"https:\/\/caminhodafe.com.br\/ptbr\/wp-content\/uploads\/2020\/03\/Circuito-UCF-bike-300x212.png 300w, https:\/\/caminhodafe.com.br\/ptbr\/wp-content\/uploads\/2020\/03\/Circuito-UCF-bike-1024x724.png 1024w, https:\/\/caminhodafe.com.br\/ptbr\/wp-content\/uploads\/2020\/03\/Circuito-UCF-bike-768x543.png 768w, https:\/\/caminhodafe.com.br\/ptbr\/wp-content\/uploads\/2020\/03\/Circuito-UCF-bike-600x424.png 600w\" sizes=\"auto, (max-width: 300px) 100vw, 300px\" \/><\/a><\/p>\n<p>&nbsp;<\/p>\n<p>&nbsp;<\/p>\n<p style=\"text-align: center;\"><img loading=\"lazy\" decoding=\"async\" class=\"aligncenter wp-image-4477 size-full\" src=\"https:\/\/caminhodafe.com.br\/ptbr\/wp-content\/uploads\/2020\/03\/ultramaratona10.jpg\" alt=\"\" width=\"1000\" height=\"1200\" srcset=\"https:\/\/caminhodafe.com.br\/ptbr\/wp-content\/uploads\/2020\/03\/ultramaratona10.jpg 1000w, https:\/\/caminhodafe.com.br\/ptbr\/wp-content\/uploads\/2020\/03\/ultramaratona10-250x300.jpg 250w, https:\/\/caminhodafe.com.br\/ptbr\/wp-content\/uploads\/2020\/03\/ultramaratona10-853x1024.jpg 853w, https:\/\/caminhodafe.com.br\/ptbr\/wp-content\/uploads\/2020\/03\/ultramaratona10-768x922.jpg 768w, https:\/\/caminhodafe.com.br\/ptbr\/wp-content\/uploads\/2020\/03\/ultramaratona10-600x720.jpg 600w\" sizes=\"auto, (max-width: 1000px) 100vw, 1000px\" \/><\/p>\n<p>&nbsp;<\/p>\n","protected":false},"excerpt":{"rendered":"<p>AVISO IMPORTANTE: A PROVA DE S\u00c3O CARLOS SER\u00c1 ADIADA POR TEMPO INDETERMINADO AT\u00c9 QUE A STUA\u00c7\u00c3O ENVOLVENDO O CORONAV\u00cdRUS ESTEJA SOB CONTROLE.\u00a0 INSCRI\u00c7\u00d5ES Para inscrever-se no Circuito de Ultramaratona do Caminho da F\u00e9, CLIQUE AQUI &nbsp; REGULAMENTOS &nbsp; \u00a0 \u00a0 \u00a0 \u00a0 \u00a0 \u00a0 \u00a0 \u00a0 \u00a0 \u00a0 \u00a0 \u00a0 \u00a0 \u00a0 \u00a0 \u00a0 \u00a0 \u00a0 \u00a0 \u00a0 \u00a0 \u00a0 \u00a0 \u00a0 \u00a0 &nbsp; &nbsp; &nbsp;<\/p>\n","protected":false},"author":2,"featured_media":4431,"comment_status":"open","ping_status":"open","sticky":false,"template":"","format":"standard","meta":{"content-type":"","_monsterinsights_skip_tracking":false,"_monsterinsights_sitenote_active":false,"_monsterinsights_sitenote_note":"","_monsterinsights_sitenote_category":0,"footnotes":""},"categories":[13,14],"tags":[],"class_list":["post-4433","post","type-post","status-publish","format-standard","has-post-thumbnail","hentry","category-comunicados","category-eventos"],"_links":{"self":[{"href":"https:\/\/caminhodafe.com.br\/ptbr\/wp-json\/wp\/v2\/posts\/4433","targetHints":{"allow":["GET"]}}],"collection":[{"href":"https:\/\/caminhodafe.com.br\/ptbr\/wp-json\/wp\/v2\/posts"}],"about":[{"href":"https:\/\/caminhodafe.com.br\/ptbr\/wp-json\/wp\/v2\/types\/post"}],"author":[{"embeddable":true,"href":"https:\/\/caminhodafe.com.br\/ptbr\/wp-json\/wp\/v2\/users\/2"}],"replies":[{"embeddable":true,"href":"https:\/\/caminhodafe.com.br\/ptbr\/wp-json\/wp\/v2\/comments?post=4433"}],"version-history":[{"count":0,"href":"https:\/\/caminhodafe.com.br\/ptbr\/wp-json\/wp\/v2\/posts\/4433\/revisions"}],"wp:featuredmedia":[{"embeddable":true,"href":"https:\/\/caminhodafe.com.br\/ptbr\/wp-json\/wp\/v2\/media\/4431"}],"wp:attachment":[{"href":"https:\/\/caminhodafe.com.br\/ptbr\/wp-json\/wp\/v2\/media?parent=4433"}],"wp:term":[{"taxonomy":"category","embeddable":true,"href":"https:\/\/caminhodafe.com.br\/ptbr\/wp-json\/wp\/v2\/categories?post=4433"},{"taxonomy":"post_tag","embeddable":true,"href":"https:\/\/caminhodafe.com.br\/ptbr\/wp-json\/wp\/v2\/tags?post=4433"}],"curies":[{"name":"wp","href":"https:\/\/api.w.org\/{rel}","templated":true}]}}