{"id":3438,"date":"2019-05-29T08:14:16","date_gmt":"2019-05-29T11:14:16","guid":{"rendered":"https:\/\/caminhodafe.com.br\/ptbr\/?p=3438"},"modified":"2019-05-29T08:14:16","modified_gmt":"2019-05-29T11:14:16","slug":"caminho-da-fe-prefeitura-de-aguas-da-prata-e-sebrae-sp","status":"publish","type":"post","link":"https:\/\/caminhodafe.com.br\/ptbr\/blog\/2019\/05\/29\/caminho-da-fe-prefeitura-de-aguas-da-prata-e-sebrae-sp\/","title":{"rendered":"Caminho da F\u00e9, Prefeitura de \u00c1guas da Prata e Sebrae-SP"},"content":{"rendered":"<div id=\"js_2\" class=\"_5pbx userContent _3576\" data-testid=\"post_message\" data-ft=\"{&quot;tn&quot;:&quot;K&quot;}\">\n<p>Nesse m\u00eas de maio iniciamos uma parceria que acreditamos que proporcionar\u00e1 muitos resultados positivos ao Caminho da F\u00e9.<\/p>\n<p>Por intermedio da Prefeitura Municipal de \u00c1guas da Prata, a AACF participou de uma reuni\u00e3o que tinha como objetivo apresentar o Caminho da F\u00e9 de forma institucional \u00e0 nova dire\u00e7\u00e3o do SEBRAE-SP.<\/p>\n<p>A reuni\u00e3o foi um sucesso e acreditamos que seguiremos na constru\u00e7\u00e3o de uma parceria com trar\u00e1 bons frutos ao caminho e seus parceiros.<\/p>\n<\/div>\n<div class=\"_3x-2\" data-ft=\"{&quot;tn&quot;:&quot;H&quot;}\">\n<div data-ft=\"{&quot;tn&quot;:&quot;H&quot;}\">\n<div class=\"mtm\">\n<div class=\"_2a2q _65sr\"><a href=\"https:\/\/caminhodafe.com.br\/ptbr\/wp-content\/uploads\/2019\/05\/61366159_2052353628402478_7509978620337586176_n.jpg\"><img loading=\"lazy\" decoding=\"async\" class=\"alignleft wp-image-3440 size-medium\" src=\"https:\/\/caminhodafe.com.br\/ptbr\/wp-content\/uploads\/2019\/05\/61366159_2052353628402478_7509978620337586176_n-300x225.jpg\" alt=\"\" width=\"300\" height=\"225\" srcset=\"https:\/\/caminhodafe.com.br\/ptbr\/wp-content\/uploads\/2019\/05\/61366159_2052353628402478_7509978620337586176_n-300x225.jpg 300w, https:\/\/caminhodafe.com.br\/ptbr\/wp-content\/uploads\/2019\/05\/61366159_2052353628402478_7509978620337586176_n-768x576.jpg 768w, https:\/\/caminhodafe.com.br\/ptbr\/wp-content\/uploads\/2019\/05\/61366159_2052353628402478_7509978620337586176_n-600x450.jpg 600w, https:\/\/caminhodafe.com.br\/ptbr\/wp-content\/uploads\/2019\/05\/61366159_2052353628402478_7509978620337586176_n.jpg 960w\" sizes=\"auto, (max-width: 300px) 100vw, 300px\" \/><\/a> <a href=\"https:\/\/caminhodafe.com.br\/ptbr\/wp-content\/uploads\/2019\/05\/61247348_2052353635069144_1082232493307854848_n.jpg\"><img loading=\"lazy\" decoding=\"async\" class=\"alignleft wp-image-3441 size-medium\" src=\"https:\/\/caminhodafe.com.br\/ptbr\/wp-content\/uploads\/2019\/05\/61247348_2052353635069144_1082232493307854848_n-300x225.jpg\" alt=\"\" width=\"300\" height=\"225\" srcset=\"https:\/\/caminhodafe.com.br\/ptbr\/wp-content\/uploads\/2019\/05\/61247348_2052353635069144_1082232493307854848_n-300x225.jpg 300w, https:\/\/caminhodafe.com.br\/ptbr\/wp-content\/uploads\/2019\/05\/61247348_2052353635069144_1082232493307854848_n-768x576.jpg 768w, https:\/\/caminhodafe.com.br\/ptbr\/wp-content\/uploads\/2019\/05\/61247348_2052353635069144_1082232493307854848_n-600x450.jpg 600w, https:\/\/caminhodafe.com.br\/ptbr\/wp-content\/uploads\/2019\/05\/61247348_2052353635069144_1082232493307854848_n.jpg 960w\" sizes=\"auto, (max-width: 300px) 100vw, 300px\" \/><\/a><\/div>\n<\/div>\n<\/div>\n<\/div>\n","protected":false},"excerpt":{"rendered":"<p>Nesse m\u00eas de maio iniciamos uma parceria que acreditamos que proporcionar\u00e1 muitos resultados positivos ao Caminho da F\u00e9. Por intermedio da Prefeitura Municipal de \u00c1guas da Prata, a AACF participou de uma reuni\u00e3o que tinha como objetivo apresentar o Caminho da F\u00e9 de forma institucional \u00e0 nova dire\u00e7\u00e3o do SEBRAE-SP. A reuni\u00e3o foi um sucesso e acreditamos que seguiremos na constru\u00e7\u00e3o de uma parceria com trar\u00e1 bons frutos ao caminho e seus parceiros.<\/p>\n","protected":false},"author":1,"featured_media":3440,"comment_status":"open","ping_status":"open","sticky":false,"template":"","format":"standard","meta":{"content-type":"","_monsterinsights_skip_tracking":false,"_monsterinsights_sitenote_active":false,"_monsterinsights_sitenote_note":"","_monsterinsights_sitenote_category":0,"footnotes":""},"categories":[13],"tags":[],"class_list":["post-3438","post","type-post","status-publish","format-standard","has-post-thumbnail","hentry","category-comunicados"],"_links":{"self":[{"href":"https:\/\/caminhodafe.com.br\/ptbr\/wp-json\/wp\/v2\/posts\/3438","targetHints":{"allow":["GET"]}}],"collection":[{"href":"https:\/\/caminhodafe.com.br\/ptbr\/wp-json\/wp\/v2\/posts"}],"about":[{"href":"https:\/\/caminhodafe.com.br\/ptbr\/wp-json\/wp\/v2\/types\/post"}],"author":[{"embeddable":true,"href":"https:\/\/caminhodafe.com.br\/ptbr\/wp-json\/wp\/v2\/users\/1"}],"replies":[{"embeddable":true,"href":"https:\/\/caminhodafe.com.br\/ptbr\/wp-json\/wp\/v2\/comments?post=3438"}],"version-history":[{"count":0,"href":"https:\/\/caminhodafe.com.br\/ptbr\/wp-json\/wp\/v2\/posts\/3438\/revisions"}],"wp:featuredmedia":[{"embeddable":true,"href":"https:\/\/caminhodafe.com.br\/ptbr\/wp-json\/wp\/v2\/media\/3440"}],"wp:attachment":[{"href":"https:\/\/caminhodafe.com.br\/ptbr\/wp-json\/wp\/v2\/media?parent=3438"}],"wp:term":[{"taxonomy":"category","embeddable":true,"href":"https:\/\/caminhodafe.com.br\/ptbr\/wp-json\/wp\/v2\/categories?post=3438"},{"taxonomy":"post_tag","embeddable":true,"href":"https:\/\/caminhodafe.com.br\/ptbr\/wp-json\/wp\/v2\/tags?post=3438"}],"curies":[{"name":"wp","href":"https:\/\/api.w.org\/{rel}","templated":true}]}}