{"id":3325,"date":"2019-03-19T10:38:42","date_gmt":"2019-03-19T13:38:42","guid":{"rendered":"https:\/\/caminhodafe.com.br\/ptbr\/?p=3325"},"modified":"2019-03-19T10:38:42","modified_gmt":"2019-03-19T13:38:42","slug":"comissao-de-gestao-de-seguranca-do-caminho-da-fe","status":"publish","type":"post","link":"https:\/\/caminhodafe.com.br\/ptbr\/blog\/2019\/03\/19\/comissao-de-gestao-de-seguranca-do-caminho-da-fe\/","title":{"rendered":"Comiss\u00e3o de gest\u00e3o de seguran\u00e7a do Caminho da F\u00e9"},"content":{"rendered":"<p>Semana passada aconteceu em Potim -Sp a reuni\u00e3o de forma\u00e7\u00e3o da Comiss\u00e3o de gest\u00e3o de seguran\u00e7a do Caminho da F\u00e9.<\/p>\n<p>Esse movimento foi uma das a\u00e7\u00f5es apresentadas na \u00faltima AGO que ocorreu em 22\/02 em S\u00e3o Jo\u00e3o da Boa Vista.<\/p>\n<p>Em vista de alguns acontecimentos n\u00e3o \u00faltimos tempos e que foram apresentados \u00e0 AACF, acreditamos ser o assunto mais importante para tratarmos neste momento.<\/p>\n<p>Buscar solu\u00e7\u00f5es e estrat\u00e9gias de maximizar a seguran\u00e7a dos peregrinos nos trechos mapeados e considerados vulner\u00e1veis ao longo do caminho.<\/p>\n<p>Os resultados da reuni\u00e3o da comiss\u00e3o formada pelos representantes do setor de turismo dos munic\u00edpios de Potim, Pindamonhangaba, Guaratingueta e Campos do Jord\u00e3o, al\u00e9m da pol\u00edcia militar da regi\u00e3o e dos parceiros e representantes da AACF Jaime e Bruno j\u00e1 est\u00e3o sendo avaliados pra ser colocados em pratica. E em breve teremos a\u00e7\u00f5es efetivas que ir\u00e3o no curto, m\u00e9dio e longo prazos maximizar a seguran\u00e7a dos peregrinos do Caminho da F\u00e9.<\/p>\n<p><a href=\"https:\/\/caminhodafe.com.br\/ptbr\/wp-content\/uploads\/2019\/03\/54515967_2012258099078698_9072510649157812224_n.jpg\"><img loading=\"lazy\" decoding=\"async\" class=\"alignnone size-full wp-image-3326\" src=\"https:\/\/caminhodafe.com.br\/ptbr\/wp-content\/uploads\/2019\/03\/54515967_2012258099078698_9072510649157812224_n.jpg\" alt=\"\" width=\"960\" height=\"720\" srcset=\"https:\/\/caminhodafe.com.br\/ptbr\/wp-content\/uploads\/2019\/03\/54515967_2012258099078698_9072510649157812224_n.jpg 960w, https:\/\/caminhodafe.com.br\/ptbr\/wp-content\/uploads\/2019\/03\/54515967_2012258099078698_9072510649157812224_n-300x225.jpg 300w, https:\/\/caminhodafe.com.br\/ptbr\/wp-content\/uploads\/2019\/03\/54515967_2012258099078698_9072510649157812224_n-768x576.jpg 768w, https:\/\/caminhodafe.com.br\/ptbr\/wp-content\/uploads\/2019\/03\/54515967_2012258099078698_9072510649157812224_n-600x450.jpg 600w\" sizes=\"auto, (max-width: 960px) 100vw, 960px\" \/><\/a><\/p>\n","protected":false},"excerpt":{"rendered":"<p>Semana passada aconteceu em Potim -Sp a reuni\u00e3o de forma\u00e7\u00e3o da Comiss\u00e3o de gest\u00e3o de seguran\u00e7a do Caminho da F\u00e9. Esse movimento foi uma das a\u00e7\u00f5es apresentadas na \u00faltima AGO que ocorreu em 22\/02 em S\u00e3o Jo\u00e3o da Boa Vista. Em vista de alguns acontecimentos n\u00e3o \u00faltimos tempos e que foram apresentados \u00e0 AACF, acreditamos ser o assunto mais importante para tratarmos neste momento. Buscar solu\u00e7\u00f5es e estrat\u00e9gias de maximizar a seguran\u00e7a dos peregrinos nos trechos mapeados e considerados vulner\u00e1veis ao longo do caminho. Os resultados da reuni\u00e3o da comiss\u00e3o formada pelos representantes do setor de turismo dos munic\u00edpios de Potim, Pindamonhangaba, Guaratingueta e Campos do Jord\u00e3o, al\u00e9m da pol\u00edcia militar da regi\u00e3o e dos parceiros e representantes da AACF Jaime e Bruno j\u00e1 est\u00e3o sendo avaliados pra ser colocados em pratica. E em breve teremos a\u00e7\u00f5es efetivas que ir\u00e3o no curto, m\u00e9dio e longo prazos maximizar a seguran\u00e7a dos peregrinos do Caminho da F\u00e9.<\/p>\n","protected":false},"author":1,"featured_media":3326,"comment_status":"open","ping_status":"open","sticky":false,"template":"","format":"standard","meta":{"content-type":"","_monsterinsights_skip_tracking":false,"_monsterinsights_sitenote_active":false,"_monsterinsights_sitenote_note":"","_monsterinsights_sitenote_category":0,"footnotes":""},"categories":[13],"tags":[],"class_list":["post-3325","post","type-post","status-publish","format-standard","has-post-thumbnail","hentry","category-comunicados"],"_links":{"self":[{"href":"https:\/\/caminhodafe.com.br\/ptbr\/wp-json\/wp\/v2\/posts\/3325","targetHints":{"allow":["GET"]}}],"collection":[{"href":"https:\/\/caminhodafe.com.br\/ptbr\/wp-json\/wp\/v2\/posts"}],"about":[{"href":"https:\/\/caminhodafe.com.br\/ptbr\/wp-json\/wp\/v2\/types\/post"}],"author":[{"embeddable":true,"href":"https:\/\/caminhodafe.com.br\/ptbr\/wp-json\/wp\/v2\/users\/1"}],"replies":[{"embeddable":true,"href":"https:\/\/caminhodafe.com.br\/ptbr\/wp-json\/wp\/v2\/comments?post=3325"}],"version-history":[{"count":0,"href":"https:\/\/caminhodafe.com.br\/ptbr\/wp-json\/wp\/v2\/posts\/3325\/revisions"}],"wp:featuredmedia":[{"embeddable":true,"href":"https:\/\/caminhodafe.com.br\/ptbr\/wp-json\/wp\/v2\/media\/3326"}],"wp:attachment":[{"href":"https:\/\/caminhodafe.com.br\/ptbr\/wp-json\/wp\/v2\/media?parent=3325"}],"wp:term":[{"taxonomy":"category","embeddable":true,"href":"https:\/\/caminhodafe.com.br\/ptbr\/wp-json\/wp\/v2\/categories?post=3325"},{"taxonomy":"post_tag","embeddable":true,"href":"https:\/\/caminhodafe.com.br\/ptbr\/wp-json\/wp\/v2\/tags?post=3325"}],"curies":[{"name":"wp","href":"https:\/\/api.w.org\/{rel}","templated":true}]}}