{"id":3259,"date":"2019-01-04T19:24:38","date_gmt":"2019-01-04T21:24:38","guid":{"rendered":"https:\/\/caminhodafe.com.br\/ptbr\/?p=3259"},"modified":"2019-01-04T19:26:54","modified_gmt":"2019-01-04T21:26:54","slug":"atencao-aviso-de-utilidade-publica-estrada-guaratingueta-x-campo-do-jordao-esta-interditada-no-trecho-da-guarda-em-campos-do-jordao","status":"publish","type":"post","link":"https:\/\/caminhodafe.com.br\/ptbr\/blog\/2019\/01\/04\/atencao-aviso-de-utilidade-publica-estrada-guaratingueta-x-campo-do-jordao-esta-interditada-no-trecho-da-guarda-em-campos-do-jordao\/","title":{"rendered":"Aten\u00e7\u00e3o!  Aviso de utilidade p\u00fablica!  Estrada Guaratinguet\u00e1 x Campos do Jord\u00e3o est\u00e1 interditada no trecho da Guarda em Campos do Jord\u00e3o."},"content":{"rendered":"<h4>Aten\u00e7\u00e3o! Aviso de utilidade p\u00fablica!<\/h4>\n<h4>Estrada Guaratinguet\u00e1 x Campo do Jord\u00e3o est\u00e1 interditada no trecho da Guarda em Campos do Jord\u00e3o.<\/h4>\n<h4>Ponte foi danificada pela chuva. Fomos informados pelo Diego, Gestor do Parque Estadual de Campos do Jord\u00e3o.<\/h4>\n<h4>Prefeitura de Campos do Jord\u00e3o j\u00e1 foi avisada, mas n\u00e3o h\u00e1 previs\u00e3o de reestabelecimento do tr\u00e1fego pelo local.<\/h4>\n<p><a href=\"https:\/\/caminhodafe.com.br\/ptbr\/wp-content\/uploads\/2019\/01\/WhatsApp-Image-2019-01-04-at-18.44.18-1.jpeg\"><img loading=\"lazy\" decoding=\"async\" class=\"alignnone size-thumbnail wp-image-3260\" src=\"https:\/\/caminhodafe.com.br\/ptbr\/wp-content\/uploads\/2019\/01\/WhatsApp-Image-2019-01-04-at-18.44.18-1-150x150.jpeg\" alt=\"\" width=\"150\" height=\"150\" srcset=\"https:\/\/caminhodafe.com.br\/ptbr\/wp-content\/uploads\/2019\/01\/WhatsApp-Image-2019-01-04-at-18.44.18-1-150x150.jpeg 150w, https:\/\/caminhodafe.com.br\/ptbr\/wp-content\/uploads\/2019\/01\/WhatsApp-Image-2019-01-04-at-18.44.18-1-300x300.jpeg 300w, https:\/\/caminhodafe.com.br\/ptbr\/wp-content\/uploads\/2019\/01\/WhatsApp-Image-2019-01-04-at-18.44.18-1-100x100.jpeg 100w\" sizes=\"auto, (max-width: 150px) 100vw, 150px\" \/><\/a> <a href=\"https:\/\/caminhodafe.com.br\/ptbr\/wp-content\/uploads\/2019\/01\/WhatsApp-Image-2019-01-04-at-18.44.18.jpeg\"><img loading=\"lazy\" decoding=\"async\" class=\"alignnone size-thumbnail wp-image-3261\" src=\"https:\/\/caminhodafe.com.br\/ptbr\/wp-content\/uploads\/2019\/01\/WhatsApp-Image-2019-01-04-at-18.44.18-150x150.jpeg\" alt=\"\" width=\"150\" height=\"150\" srcset=\"https:\/\/caminhodafe.com.br\/ptbr\/wp-content\/uploads\/2019\/01\/WhatsApp-Image-2019-01-04-at-18.44.18-150x150.jpeg 150w, https:\/\/caminhodafe.com.br\/ptbr\/wp-content\/uploads\/2019\/01\/WhatsApp-Image-2019-01-04-at-18.44.18-300x300.jpeg 300w, https:\/\/caminhodafe.com.br\/ptbr\/wp-content\/uploads\/2019\/01\/WhatsApp-Image-2019-01-04-at-18.44.18-100x100.jpeg 100w\" sizes=\"auto, (max-width: 150px) 100vw, 150px\" \/><\/a> <a href=\"https:\/\/caminhodafe.com.br\/ptbr\/wp-content\/uploads\/2019\/01\/WhatsApp-Image-2019-01-04-at-18.44.19.jpeg\"><img loading=\"lazy\" decoding=\"async\" class=\"alignnone size-thumbnail wp-image-3263\" src=\"https:\/\/caminhodafe.com.br\/ptbr\/wp-content\/uploads\/2019\/01\/WhatsApp-Image-2019-01-04-at-18.44.19-150x150.jpeg\" alt=\"\" width=\"150\" height=\"150\" srcset=\"https:\/\/caminhodafe.com.br\/ptbr\/wp-content\/uploads\/2019\/01\/WhatsApp-Image-2019-01-04-at-18.44.19-150x150.jpeg 150w, https:\/\/caminhodafe.com.br\/ptbr\/wp-content\/uploads\/2019\/01\/WhatsApp-Image-2019-01-04-at-18.44.19-300x300.jpeg 300w, https:\/\/caminhodafe.com.br\/ptbr\/wp-content\/uploads\/2019\/01\/WhatsApp-Image-2019-01-04-at-18.44.19-100x100.jpeg 100w\" sizes=\"auto, (max-width: 150px) 100vw, 150px\" \/><\/a> <a href=\"https:\/\/caminhodafe.com.br\/ptbr\/wp-content\/uploads\/2019\/01\/WhatsApp-Image-2019-01-04-at-18.44.19-1-1.jpeg\"><img loading=\"lazy\" decoding=\"async\" class=\"alignnone size-thumbnail wp-image-3264\" src=\"https:\/\/caminhodafe.com.br\/ptbr\/wp-content\/uploads\/2019\/01\/WhatsApp-Image-2019-01-04-at-18.44.19-1-1-150x150.jpeg\" alt=\"\" width=\"150\" height=\"150\" srcset=\"https:\/\/caminhodafe.com.br\/ptbr\/wp-content\/uploads\/2019\/01\/WhatsApp-Image-2019-01-04-at-18.44.19-1-1-150x150.jpeg 150w, https:\/\/caminhodafe.com.br\/ptbr\/wp-content\/uploads\/2019\/01\/WhatsApp-Image-2019-01-04-at-18.44.19-1-1-300x300.jpeg 300w, https:\/\/caminhodafe.com.br\/ptbr\/wp-content\/uploads\/2019\/01\/WhatsApp-Image-2019-01-04-at-18.44.19-1-1-100x100.jpeg 100w\" sizes=\"auto, (max-width: 150px) 100vw, 150px\" \/><\/a><\/p>\n","protected":false},"excerpt":{"rendered":"<p>Aten\u00e7\u00e3o! Aviso de utilidade p\u00fablica! Estrada Guaratinguet\u00e1 x Campo do Jord\u00e3o est\u00e1 interditada no trecho da Guarda em Campos do Jord\u00e3o. Ponte foi danificada pela chuva. Fomos informados pelo Diego, Gestor do Parque Estadual de Campos do Jord\u00e3o. Prefeitura de Campos do Jord\u00e3o j\u00e1 foi avisada, mas n\u00e3o h\u00e1 previs\u00e3o de reestabelecimento do tr\u00e1fego pelo local.<\/p>\n","protected":false},"author":1,"featured_media":3263,"comment_status":"open","ping_status":"open","sticky":false,"template":"","format":"standard","meta":{"content-type":"","_monsterinsights_skip_tracking":false,"_monsterinsights_sitenote_active":false,"_monsterinsights_sitenote_note":"","_monsterinsights_sitenote_category":0,"footnotes":""},"categories":[13],"tags":[],"class_list":["post-3259","post","type-post","status-publish","format-standard","has-post-thumbnail","hentry","category-comunicados"],"_links":{"self":[{"href":"https:\/\/caminhodafe.com.br\/ptbr\/wp-json\/wp\/v2\/posts\/3259","targetHints":{"allow":["GET"]}}],"collection":[{"href":"https:\/\/caminhodafe.com.br\/ptbr\/wp-json\/wp\/v2\/posts"}],"about":[{"href":"https:\/\/caminhodafe.com.br\/ptbr\/wp-json\/wp\/v2\/types\/post"}],"author":[{"embeddable":true,"href":"https:\/\/caminhodafe.com.br\/ptbr\/wp-json\/wp\/v2\/users\/1"}],"replies":[{"embeddable":true,"href":"https:\/\/caminhodafe.com.br\/ptbr\/wp-json\/wp\/v2\/comments?post=3259"}],"version-history":[{"count":0,"href":"https:\/\/caminhodafe.com.br\/ptbr\/wp-json\/wp\/v2\/posts\/3259\/revisions"}],"wp:featuredmedia":[{"embeddable":true,"href":"https:\/\/caminhodafe.com.br\/ptbr\/wp-json\/wp\/v2\/media\/3263"}],"wp:attachment":[{"href":"https:\/\/caminhodafe.com.br\/ptbr\/wp-json\/wp\/v2\/media?parent=3259"}],"wp:term":[{"taxonomy":"category","embeddable":true,"href":"https:\/\/caminhodafe.com.br\/ptbr\/wp-json\/wp\/v2\/categories?post=3259"},{"taxonomy":"post_tag","embeddable":true,"href":"https:\/\/caminhodafe.com.br\/ptbr\/wp-json\/wp\/v2\/tags?post=3259"}],"curies":[{"name":"wp","href":"https:\/\/api.w.org\/{rel}","templated":true}]}}