{"id":2850,"date":"2018-10-12T22:45:08","date_gmt":"2018-10-13T01:45:08","guid":{"rendered":"https:\/\/caminhodafe.com.br\/ptbr\/?p=2850"},"modified":"2018-10-12T23:00:21","modified_gmt":"2018-10-13T02:00:21","slug":"tv-vanguarda-no-caminho-da-fe","status":"publish","type":"post","link":"https:\/\/caminhodafe.com.br\/ptbr\/blog\/2018\/10\/12\/tv-vanguarda-no-caminho-da-fe\/","title":{"rendered":"TV Vanguarda no Caminho da F\u00e9"},"content":{"rendered":"<h4><span style=\"color: #003366;\">S\u00e9rie de reportagens do Roteiro Vanguarda, quadro de viagens da Rede Vanguarda, que mostra a trajet\u00f3ria de seis peregrinos pelo Caminho da F\u00e9.<\/span><\/h4>\n<h4>[embedyt] https:\/\/www.youtube.com\/watch?v=LLGVpWfOG-g[\/embedyt]<\/h4>\n<p>[embedyt] https:\/\/www.youtube.com\/watch?v=AMG8-HDE9Zo[\/embedyt]<\/p>\n<p>[embedyt] https:\/\/www.youtube.com\/watch?v=zR1lAxj8OBE[\/embedyt]<\/p>\n<p>&nbsp;<\/p>\n","protected":false},"excerpt":{"rendered":"<p>S\u00e9rie de reportagens do Roteiro Vanguarda, quadro de viagens da Rede Vanguarda, que mostra a trajet\u00f3ria de seis peregrinos pelo Caminho da F\u00e9. [embedyt] https:\/\/www.youtube.com\/watch?v=LLGVpWfOG-g[\/embedyt] [embedyt] https:\/\/www.youtube.com\/watch?v=AMG8-HDE9Zo[\/embedyt] [embedyt] https:\/\/www.youtube.com\/watch?v=zR1lAxj8OBE[\/embedyt] &nbsp;<\/p>\n","protected":false},"author":1,"featured_media":2855,"comment_status":"open","ping_status":"open","sticky":false,"template":"","format":"standard","meta":{"content-type":"","_monsterinsights_skip_tracking":false,"_monsterinsights_sitenote_active":false,"_monsterinsights_sitenote_note":"","_monsterinsights_sitenote_category":0,"footnotes":""},"categories":[12],"tags":[],"class_list":["post-2850","post","type-post","status-publish","format-standard","has-post-thumbnail","hentry","category-midias"],"_links":{"self":[{"href":"https:\/\/caminhodafe.com.br\/ptbr\/wp-json\/wp\/v2\/posts\/2850","targetHints":{"allow":["GET"]}}],"collection":[{"href":"https:\/\/caminhodafe.com.br\/ptbr\/wp-json\/wp\/v2\/posts"}],"about":[{"href":"https:\/\/caminhodafe.com.br\/ptbr\/wp-json\/wp\/v2\/types\/post"}],"author":[{"embeddable":true,"href":"https:\/\/caminhodafe.com.br\/ptbr\/wp-json\/wp\/v2\/users\/1"}],"replies":[{"embeddable":true,"href":"https:\/\/caminhodafe.com.br\/ptbr\/wp-json\/wp\/v2\/comments?post=2850"}],"version-history":[{"count":0,"href":"https:\/\/caminhodafe.com.br\/ptbr\/wp-json\/wp\/v2\/posts\/2850\/revisions"}],"wp:featuredmedia":[{"embeddable":true,"href":"https:\/\/caminhodafe.com.br\/ptbr\/wp-json\/wp\/v2\/media\/2855"}],"wp:attachment":[{"href":"https:\/\/caminhodafe.com.br\/ptbr\/wp-json\/wp\/v2\/media?parent=2850"}],"wp:term":[{"taxonomy":"category","embeddable":true,"href":"https:\/\/caminhodafe.com.br\/ptbr\/wp-json\/wp\/v2\/categories?post=2850"},{"taxonomy":"post_tag","embeddable":true,"href":"https:\/\/caminhodafe.com.br\/ptbr\/wp-json\/wp\/v2\/tags?post=2850"}],"curies":[{"name":"wp","href":"https:\/\/api.w.org\/{rel}","templated":true}]}}