{"id":2077,"date":"2017-10-16T13:34:51","date_gmt":"2017-10-16T15:34:51","guid":{"rendered":"http:\/\/caminhodafe.com.br\/ptbr\/?p=2077"},"modified":"2018-10-02T11:41:16","modified_gmt":"2018-10-02T14:41:16","slug":"fantastico-acompanha-peregrinacao-de-romeiros-a-basilica-de-aparecida","status":"publish","type":"post","link":"https:\/\/caminhodafe.com.br\/ptbr\/blog\/2017\/10\/16\/fantastico-acompanha-peregrinacao-de-romeiros-a-basilica-de-aparecida\/","title":{"rendered":"Fant\u00e1stico acompanha peregrina\u00e7\u00e3o de romeiros \u00e0 Bas\u00edlica de Aparecida"},"content":{"rendered":"<h3><span style=\"color: #000080;\">Para homenagear os 300 anos da descoberta\u00a0\u00a0imagem de Nossa Senhora Aparecida, a equipe do Fant\u00e1stico, da rede Globo, realizaou a peregrina\u00e7\u00e3o saindo de Sert\u00e3ozinho e chegando em Aparecida no dia 12 de Outubro.\u00a0<\/span><\/h3>\n<h3><span style=\"color: #000080;\">Clique na imagem para ver a reportagem:<\/span><\/h3>\n<p><a href=\"http:\/\/g1.globo.com\/fantastico\/noticia\/2017\/10\/fantastico-acompanha-peregrinacao-de-romeiros-basilica-de-aparecida.html\"><img loading=\"lazy\" decoding=\"async\" class=\"aligncenter wp-image-2679 size-large\" src=\"https:\/\/caminhodafe.com.br\/ptbr\/wp-content\/uploads\/2018\/10\/6219555-1024x538.jpg\" alt=\"\" width=\"960\" height=\"504\" srcset=\"https:\/\/caminhodafe.com.br\/ptbr\/wp-content\/uploads\/2018\/10\/6219555-1024x538.jpg 1024w, https:\/\/caminhodafe.com.br\/ptbr\/wp-content\/uploads\/2018\/10\/6219555-300x158.jpg 300w, https:\/\/caminhodafe.com.br\/ptbr\/wp-content\/uploads\/2018\/10\/6219555-768x403.jpg 768w, https:\/\/caminhodafe.com.br\/ptbr\/wp-content\/uploads\/2018\/10\/6219555-600x315.jpg 600w, https:\/\/caminhodafe.com.br\/ptbr\/wp-content\/uploads\/2018\/10\/6219555.jpg 1200w\" sizes=\"auto, (max-width: 960px) 100vw, 960px\" \/><\/a><\/p>\n<h3><a href=\"http:\/\/g1.globo.com\/fantastico\/noticia\/2017\/10\/fantastico-acompanha-peregrinacao-de-romeiros-basilica-de-aparecida.html\">http:\/\/g1.globo.com\/fantastico\/noticia\/2017\/10\/fantastico-acompanha-peregrinacao-de-romeiros-basilica-de-aparecida.html<\/a><\/h3>\n<p>&nbsp;<\/p>\n<p>&nbsp;<\/p>\n","protected":false},"excerpt":{"rendered":"<p>Para homenagear os 300 anos da descoberta\u00a0\u00a0imagem de Nossa Senhora Aparecida, a equipe do Fant\u00e1stico, da rede Globo, realizaou a peregrina\u00e7\u00e3o saindo de Sert\u00e3ozinho e chegando em Aparecida no dia 12 de Outubro.\u00a0 Clique na imagem para ver a reportagem: http:\/\/g1.globo.com\/fantastico\/noticia\/2017\/10\/fantastico-acompanha-peregrinacao-de-romeiros-basilica-de-aparecida.html &nbsp; &nbsp;<\/p>\n","protected":false},"author":1,"featured_media":2014,"comment_status":"open","ping_status":"open","sticky":false,"template":"","format":"standard","meta":{"content-type":"","_monsterinsights_skip_tracking":false,"_monsterinsights_sitenote_active":false,"_monsterinsights_sitenote_note":"","_monsterinsights_sitenote_category":0,"footnotes":""},"categories":[12],"tags":[],"class_list":["post-2077","post","type-post","status-publish","format-standard","has-post-thumbnail","hentry","category-midias"],"_links":{"self":[{"href":"https:\/\/caminhodafe.com.br\/ptbr\/wp-json\/wp\/v2\/posts\/2077","targetHints":{"allow":["GET"]}}],"collection":[{"href":"https:\/\/caminhodafe.com.br\/ptbr\/wp-json\/wp\/v2\/posts"}],"about":[{"href":"https:\/\/caminhodafe.com.br\/ptbr\/wp-json\/wp\/v2\/types\/post"}],"author":[{"embeddable":true,"href":"https:\/\/caminhodafe.com.br\/ptbr\/wp-json\/wp\/v2\/users\/1"}],"replies":[{"embeddable":true,"href":"https:\/\/caminhodafe.com.br\/ptbr\/wp-json\/wp\/v2\/comments?post=2077"}],"version-history":[{"count":0,"href":"https:\/\/caminhodafe.com.br\/ptbr\/wp-json\/wp\/v2\/posts\/2077\/revisions"}],"wp:featuredmedia":[{"embeddable":true,"href":"https:\/\/caminhodafe.com.br\/ptbr\/wp-json\/wp\/v2\/media\/2014"}],"wp:attachment":[{"href":"https:\/\/caminhodafe.com.br\/ptbr\/wp-json\/wp\/v2\/media?parent=2077"}],"wp:term":[{"taxonomy":"category","embeddable":true,"href":"https:\/\/caminhodafe.com.br\/ptbr\/wp-json\/wp\/v2\/categories?post=2077"},{"taxonomy":"post_tag","embeddable":true,"href":"https:\/\/caminhodafe.com.br\/ptbr\/wp-json\/wp\/v2\/tags?post=2077"}],"curies":[{"name":"wp","href":"https:\/\/api.w.org\/{rel}","templated":true}]}}