{"id":2050,"date":"2017-10-06T15:37:26","date_gmt":"2017-10-06T18:37:26","guid":{"rendered":"http:\/\/caminhodafe.com.br\/ptbr\/?p=2050"},"modified":"2017-10-06T15:46:21","modified_gmt":"2017-10-06T18:46:21","slug":"o-caminho-da-fe-na-veja-sp","status":"publish","type":"post","link":"https:\/\/caminhodafe.com.br\/ptbr\/blog\/2017\/10\/06\/o-caminho-da-fe-na-veja-sp\/","title":{"rendered":"O Caminho da F\u00e9 na Veja SP"},"content":{"rendered":"<h3>No m\u00eas de Setembro, tivemos o privil\u00e9gio de receber a equipe da Veja SP em nossa sede em \u00c1guas da Prata.<\/h3>\n<h3>Clique <a href=\"https:\/\/vejasp.abril.com.br\/cidades\/300-anos-nossa-senhora-aparecida\/\">aqui <\/a>para ler a \u00edntegra da mat\u00e9ria.<\/h3>\n<p>&nbsp;<\/p>\n<div id=\"attachment_2053\" style=\"width: 510px\" class=\"wp-caption aligncenter\"><a href=\"https:\/\/vejasp.abril.com.br\/cidades\/300-anos-nossa-senhora-aparecida\/\"><img loading=\"lazy\" decoding=\"async\" aria-describedby=\"caption-attachment-2053\" class=\"wp-image-2053\" src=\"http:\/\/caminhodafe.com.br\/ptbr\/wp-content\/uploads\/2017\/10\/foto-veja-sp.jpg\" alt=\"\" width=\"500\" height=\"333\" srcset=\"https:\/\/caminhodafe.com.br\/ptbr\/wp-content\/uploads\/2017\/10\/foto-veja-sp.jpg 1000w, https:\/\/caminhodafe.com.br\/ptbr\/wp-content\/uploads\/2017\/10\/foto-veja-sp-300x200.jpg 300w, https:\/\/caminhodafe.com.br\/ptbr\/wp-content\/uploads\/2017\/10\/foto-veja-sp-768x511.jpg 768w\" sizes=\"auto, (max-width: 500px) 100vw, 500px\" \/><\/a><p id=\"caption-attachment-2053\" class=\"wp-caption-text\">O padre Rodrigo Arnoso no santu\u00e1rio: expectativa de 200 000 fi\u00e9is (Antonio Milena\/Veja SP)<\/p><\/div>\n<p>&nbsp;<\/p>\n<p>&nbsp;<\/p>\n<p>\n<p>\n","protected":false},"excerpt":{"rendered":"<p>No m\u00eas de Setembro, tivemos o privil\u00e9gio de receber a equipe da Veja SP em nossa sede em \u00c1guas da Prata. Clique aqui para ler a \u00edntegra da mat\u00e9ria. &nbsp; &nbsp; &nbsp;<\/p>\n","protected":false},"author":1,"featured_media":2052,"comment_status":"open","ping_status":"open","sticky":false,"template":"","format":"standard","meta":{"content-type":"","_monsterinsights_skip_tracking":false,"_monsterinsights_sitenote_active":false,"_monsterinsights_sitenote_note":"","_monsterinsights_sitenote_category":0,"footnotes":""},"categories":[12],"tags":[],"class_list":["post-2050","post","type-post","status-publish","format-standard","has-post-thumbnail","hentry","category-midias"],"_links":{"self":[{"href":"https:\/\/caminhodafe.com.br\/ptbr\/wp-json\/wp\/v2\/posts\/2050","targetHints":{"allow":["GET"]}}],"collection":[{"href":"https:\/\/caminhodafe.com.br\/ptbr\/wp-json\/wp\/v2\/posts"}],"about":[{"href":"https:\/\/caminhodafe.com.br\/ptbr\/wp-json\/wp\/v2\/types\/post"}],"author":[{"embeddable":true,"href":"https:\/\/caminhodafe.com.br\/ptbr\/wp-json\/wp\/v2\/users\/1"}],"replies":[{"embeddable":true,"href":"https:\/\/caminhodafe.com.br\/ptbr\/wp-json\/wp\/v2\/comments?post=2050"}],"version-history":[{"count":0,"href":"https:\/\/caminhodafe.com.br\/ptbr\/wp-json\/wp\/v2\/posts\/2050\/revisions"}],"wp:featuredmedia":[{"embeddable":true,"href":"https:\/\/caminhodafe.com.br\/ptbr\/wp-json\/wp\/v2\/media\/2052"}],"wp:attachment":[{"href":"https:\/\/caminhodafe.com.br\/ptbr\/wp-json\/wp\/v2\/media?parent=2050"}],"wp:term":[{"taxonomy":"category","embeddable":true,"href":"https:\/\/caminhodafe.com.br\/ptbr\/wp-json\/wp\/v2\/categories?post=2050"},{"taxonomy":"post_tag","embeddable":true,"href":"https:\/\/caminhodafe.com.br\/ptbr\/wp-json\/wp\/v2\/tags?post=2050"}],"curies":[{"name":"wp","href":"https:\/\/api.w.org\/{rel}","templated":true}]}}