{"id":1845,"date":"2017-07-13T10:34:17","date_gmt":"2017-07-13T13:34:17","guid":{"rendered":"http:\/\/caminhodafe.com.br\/ptbr\/?p=1845"},"modified":"2018-10-02T11:05:56","modified_gmt":"2018-10-02T14:05:56","slug":"peregrinos-expressando-sua-admiracao-pelo-caminho-da-fe","status":"publish","type":"post","link":"https:\/\/caminhodafe.com.br\/ptbr\/blog\/2017\/07\/13\/peregrinos-expressando-sua-admiracao-pelo-caminho-da-fe\/","title":{"rendered":"Peregrinos expressando sua admira\u00e7\u00e3o pelo Caminho da F\u00e9"},"content":{"rendered":"<div id=\"fb-root\"><\/div>\n<p><script>(function(d, s, id) {  var js, fjs = d.getElementsByTagName(s)[0];  if (d.getElementById(id)) return;  js = d.createElement(s); js.id = id;  js.src = 'https:\/\/connect.facebook.net\/pt_BR\/sdk.js#xfbml=1&version=v3.1';  fjs.parentNode.insertBefore(js, fjs);}(document, 'script', 'facebook-jssdk'));<\/script><\/p>\n<div class=\"fb-video\" data-href=\"https:\/\/www.facebook.com\/gobrobr\/videos\/1457021081055914\/\" data-width=\"960\">\n<blockquote cite=\"https:\/\/www.facebook.com\/gobrobr\/videos\/1457021081055914\/\" class=\"fb-xfbml-parse-ignore\"><p><a href=\"https:\/\/www.facebook.com\/gobrobr\/videos\/1457021081055914\/\">SUBIDA DA DONA IN\u00caS #F\u00c917 | GOBRO<\/a><\/p>\n<p>Depois de ser acolhido pela calorosa recep\u00e7\u00e3o da DONA IN\u00caS, uma parede enorme tem de ser enfrentada pelos peregrinos do CAMINHO DA F\u00c9. Entre muitas bananeiras e com uma paisagem de tirar o f\u00f4lego (literalmente), os atletas v\u00e3o ziguezagueando toda essa altimetria. Confira um peda\u00e7o da nossa filmagem do local.\u2714 Acompanhe a s\u00e9rie completa do Caminho da F\u00e9 me nosso canal do YouTube: https:\/\/www.youtube.com\/playlist?list=PLCehwF9d0xHOocXKFKxzzAZ7Gdg-YWq1W#gobrobr #caminhodaf\u00e9 #vipbiketeam #mountainbikersbr #mtbbrasil<\/p>\n<p>Publicado por <a href=\"https:\/\/www.facebook.com\/gobrobr\/\">GoBro Produ\u00e7\u00f5es<\/a> em Segunda, 22 de maio de 2017<\/p><\/blockquote>\n<\/div>\n","protected":false},"excerpt":{"rendered":"<p>SUBIDA DA DONA IN\u00caS #F\u00c917 | GOBRO Depois de ser acolhido pela calorosa recep\u00e7\u00e3o da DONA IN\u00caS, uma parede enorme tem de ser enfrentada pelos peregrinos do CAMINHO DA F\u00c9. Entre muitas bananeiras e com uma paisagem de tirar o f\u00f4lego (literalmente), os atletas v\u00e3o ziguezagueando toda essa altimetria. Confira um peda\u00e7o da nossa filmagem do local.\u2714 Acompanhe a s\u00e9rie completa do Caminho da F\u00e9 me nosso canal do YouTube: https:\/\/www.youtube.com\/playlist?list=PLCehwF9d0xHOocXKFKxzzAZ7Gdg-YWq1W#gobrobr #caminhodaf\u00e9 #vipbiketeam #mountainbikersbr #mtbbrasil Publicado por GoBro Produ\u00e7\u00f5es em Segunda, 22 de maio de 2017<\/p>\n","protected":false},"author":2,"featured_media":1292,"comment_status":"open","ping_status":"open","sticky":false,"template":"","format":"standard","meta":{"content-type":"","_monsterinsights_skip_tracking":false,"_monsterinsights_sitenote_active":false,"_monsterinsights_sitenote_note":"","_monsterinsights_sitenote_category":0,"footnotes":""},"categories":[12],"tags":[],"class_list":["post-1845","post","type-post","status-publish","format-standard","has-post-thumbnail","hentry","category-midias"],"_links":{"self":[{"href":"https:\/\/caminhodafe.com.br\/ptbr\/wp-json\/wp\/v2\/posts\/1845","targetHints":{"allow":["GET"]}}],"collection":[{"href":"https:\/\/caminhodafe.com.br\/ptbr\/wp-json\/wp\/v2\/posts"}],"about":[{"href":"https:\/\/caminhodafe.com.br\/ptbr\/wp-json\/wp\/v2\/types\/post"}],"author":[{"embeddable":true,"href":"https:\/\/caminhodafe.com.br\/ptbr\/wp-json\/wp\/v2\/users\/2"}],"replies":[{"embeddable":true,"href":"https:\/\/caminhodafe.com.br\/ptbr\/wp-json\/wp\/v2\/comments?post=1845"}],"version-history":[{"count":0,"href":"https:\/\/caminhodafe.com.br\/ptbr\/wp-json\/wp\/v2\/posts\/1845\/revisions"}],"wp:featuredmedia":[{"embeddable":true,"href":"https:\/\/caminhodafe.com.br\/ptbr\/wp-json\/wp\/v2\/media\/1292"}],"wp:attachment":[{"href":"https:\/\/caminhodafe.com.br\/ptbr\/wp-json\/wp\/v2\/media?parent=1845"}],"wp:term":[{"taxonomy":"category","embeddable":true,"href":"https:\/\/caminhodafe.com.br\/ptbr\/wp-json\/wp\/v2\/categories?post=1845"},{"taxonomy":"post_tag","embeddable":true,"href":"https:\/\/caminhodafe.com.br\/ptbr\/wp-json\/wp\/v2\/tags?post=1845"}],"curies":[{"name":"wp","href":"https:\/\/api.w.org\/{rel}","templated":true}]}}